{"id":5566,"date":"2022-07-13T11:26:12","date_gmt":"2022-07-13T10:26:12","guid":{"rendered":"https:\/\/bacsac.com\/journal\/?p=5566"},"modified":"2024-09-09T11:16:08","modified_gmt":"2024-09-09T10:16:08","slug":"valery-rizzo","status":"publish","type":"post","link":"https:\/\/bacsac.com\/journal\/valery-rizzo\/","title":{"rendered":"Valery Rizzo"},"content":{"rendered":"<h2 id=\"dans-le-jardin-potager-de-la-photographe-valery-rizzo\">Dans le jardin potager de la photographe <a href=\"https:\/\/valeryrizzo.com\/\" target=\"_blank\" rel=\"noopener\">Valery Rizzo<\/a><\/h2>\n<h4 id=\"brooklyn-new-york\"><strong>Brooklyn, New York<\/strong><\/h4>\n<figure id=\"attachment_5567\" aria-describedby=\"caption-attachment-5567\" style=\"width: 438px\" class=\"wp-caption aligncenter\"><img decoding=\"async\" loading=\"lazy\" class=\"wp-image-5567\" src=\"https:\/\/bacsac.com\/journal\/wp-content\/uploads\/2022\/07\/DSC5061-800x1199.jpg\" alt=\"\" width=\"438\" height=\"656\" srcset=\"https:\/\/bacsac.com\/journal\/wp-content\/uploads\/2022\/07\/DSC5061-800x1199.jpg 800w, https:\/\/bacsac.com\/journal\/wp-content\/uploads\/2022\/07\/DSC5061-1025x1536.jpg 1025w, https:\/\/bacsac.com\/journal\/wp-content\/uploads\/2022\/07\/DSC5061-320x479.jpg 320w, https:\/\/bacsac.com\/journal\/wp-content\/uploads\/2022\/07\/DSC5061-560x839.jpg 560w, https:\/\/bacsac.com\/journal\/wp-content\/uploads\/2022\/07\/DSC5061.jpg 1068w\" sizes=\"(max-width: 438px) 100vw, 438px\" \/><figcaption id=\"caption-attachment-5567\" class=\"wp-caption-text\">\u00a9Valery Rizzo<\/figcaption><\/figure>\n<p><span style=\"font-weight: 400;\">Photographe portrait et lifestyle, mon int\u00e9r\u00eat pour l\u2019agriculture urbaine m\u2019a amen\u00e9 \u00e0 co-\u00e9diter le livre <a href=\"https:\/\/bacsac.com\/fr\/cueillette-d-objets\/89-fermiers-urbains.html\"><em>Fermiers urbains<\/em><\/a> avec gestalten: un aper\u00e7u informatif et inspirant des pratiques d\u2019agriculture urbaine \u00e0 travers le monde \u2013 des fermes commerciales aux jardins priv\u00e9s et communautaires. J\u2019ai grandi et vit \u00e0 Park Slope, un quartier historique de Brooklyn. Avec ses axes quadrill\u00e9s, la plupart des b\u00e2timents ont des arri\u00e8res cours les unes \u00e0 c\u00f4t\u00e9 des autres, cr\u00e9ant des corridors de nature \u00e0 l\u2019abri des regards. J\u2019ai commenc\u00e9 \u00e0 cultiver mon jardin il y a quelques ann\u00e9es dans l\u2019arri\u00e8re cours de mon immeuble, apr\u00e8s que le propri\u00e9taire l\u2019ai d\u00e9laiss\u00e9.<br \/>\n<\/span><\/p>\n<div id='gallery-1' class='gallery galleryid-5566 gallery-columns-2 gallery-size-large'><figure class='gallery-item'>\n\t\t\t<div class='gallery-icon portrait'>\n\t\t\t\t<img width=\"1068\" height=\"1600\" src=\"https:\/\/bacsac.com\/journal\/wp-content\/uploads\/2022\/07\/DSC5154.jpg\" class=\"attachment-large size-large\" alt=\"\" decoding=\"async\" loading=\"lazy\" aria-describedby=\"gallery-1-5570\" srcset=\"https:\/\/bacsac.com\/journal\/wp-content\/uploads\/2022\/07\/DSC5154.jpg 1068w, https:\/\/bacsac.com\/journal\/wp-content\/uploads\/2022\/07\/DSC5154-800x1199.jpg 800w, https:\/\/bacsac.com\/journal\/wp-content\/uploads\/2022\/07\/DSC5154-1025x1536.jpg 1025w, https:\/\/bacsac.com\/journal\/wp-content\/uploads\/2022\/07\/DSC5154-320x479.jpg 320w, https:\/\/bacsac.com\/journal\/wp-content\/uploads\/2022\/07\/DSC5154-560x839.jpg 560w\" sizes=\"(max-width: 1068px) 100vw, 1068px\" \/>\n\t\t\t<\/div>\n\t\t\t\t<figcaption class='wp-caption-text gallery-caption' id='gallery-1-5570'>\n\t\t\t\t\u00a9 Valery Rizzo\n\t\t\t\t<\/figcaption><\/figure><figure class='gallery-item'>\n\t\t\t<div class='gallery-icon portrait'>\n\t\t\t\t<img width=\"1068\" height=\"1600\" src=\"https:\/\/bacsac.com\/journal\/wp-content\/uploads\/2022\/07\/DSC6089.jpg\" class=\"attachment-large size-large\" alt=\"\" decoding=\"async\" loading=\"lazy\" aria-describedby=\"gallery-1-5572\" srcset=\"https:\/\/bacsac.com\/journal\/wp-content\/uploads\/2022\/07\/DSC6089.jpg 1068w, https:\/\/bacsac.com\/journal\/wp-content\/uploads\/2022\/07\/DSC6089-800x1199.jpg 800w, https:\/\/bacsac.com\/journal\/wp-content\/uploads\/2022\/07\/DSC6089-1025x1536.jpg 1025w, https:\/\/bacsac.com\/journal\/wp-content\/uploads\/2022\/07\/DSC6089-320x479.jpg 320w, https:\/\/bacsac.com\/journal\/wp-content\/uploads\/2022\/07\/DSC6089-560x839.jpg 560w\" sizes=\"(max-width: 1068px) 100vw, 1068px\" \/>\n\t\t\t<\/div>\n\t\t\t\t<figcaption class='wp-caption-text gallery-caption' id='gallery-1-5572'>\n\t\t\t\t\u00a9 Valery Rizzo\n\t\t\t\t<\/figcaption><\/figure>\n\t\t<\/div>\n\n<p>&nbsp;<\/p>\n<p><span style=\"font-weight: 400;\">Un havre de paix et espace d\u2019apprentissage o\u00f9 je cultive dans des bacs en bois sur\u00e9lev\u00e9s et jardini\u00e8res <\/span>BACSAC<span style=\"font-weight: 400;\">: l\u00e9gumes, fleurs comestibles, aromatiques et plantes mellif\u00e8res \u2013 depuis la graine ou jeunes plants. Cette ann\u00e9e, j\u2019ai sem\u00e9 une dizaine de vari\u00e9t\u00e9s de tomates, poivrons, okras, fenouils, haricos \u00e0 rame, bourrache, dhalias, soucis Aztec, et autres fleurs.<\/span><\/p>\n<div id='gallery-2' class='gallery galleryid-5566 gallery-columns-2 gallery-size-large'><figure class='gallery-item'>\n\t\t\t<div class='gallery-icon portrait'>\n\t\t\t\t<img width=\"1068\" height=\"1600\" src=\"https:\/\/bacsac.com\/journal\/wp-content\/uploads\/2022\/07\/DSC1968.jpg\" class=\"attachment-large size-large\" alt=\"\" decoding=\"async\" loading=\"lazy\" aria-describedby=\"gallery-2-5576\" srcset=\"https:\/\/bacsac.com\/journal\/wp-content\/uploads\/2022\/07\/DSC1968.jpg 1068w, https:\/\/bacsac.com\/journal\/wp-content\/uploads\/2022\/07\/DSC1968-800x1199.jpg 800w, https:\/\/bacsac.com\/journal\/wp-content\/uploads\/2022\/07\/DSC1968-1025x1536.jpg 1025w, https:\/\/bacsac.com\/journal\/wp-content\/uploads\/2022\/07\/DSC1968-320x479.jpg 320w, https:\/\/bacsac.com\/journal\/wp-content\/uploads\/2022\/07\/DSC1968-560x839.jpg 560w\" sizes=\"(max-width: 1068px) 100vw, 1068px\" \/>\n\t\t\t<\/div>\n\t\t\t\t<figcaption class='wp-caption-text gallery-caption' id='gallery-2-5576'>\n\t\t\t\t\u00a9 Valery Rizzo\n\t\t\t\t<\/figcaption><\/figure><figure class='gallery-item'>\n\t\t\t<div class='gallery-icon portrait'>\n\t\t\t\t<img width=\"1068\" height=\"1600\" src=\"https:\/\/bacsac.com\/journal\/wp-content\/uploads\/2022\/07\/DSC4863.jpg\" class=\"attachment-large size-large\" alt=\"\" decoding=\"async\" loading=\"lazy\" aria-describedby=\"gallery-2-5575\" srcset=\"https:\/\/bacsac.com\/journal\/wp-content\/uploads\/2022\/07\/DSC4863.jpg 1068w, https:\/\/bacsac.com\/journal\/wp-content\/uploads\/2022\/07\/DSC4863-800x1199.jpg 800w, https:\/\/bacsac.com\/journal\/wp-content\/uploads\/2022\/07\/DSC4863-1025x1536.jpg 1025w, https:\/\/bacsac.com\/journal\/wp-content\/uploads\/2022\/07\/DSC4863-320x479.jpg 320w, https:\/\/bacsac.com\/journal\/wp-content\/uploads\/2022\/07\/DSC4863-560x839.jpg 560w\" sizes=\"(max-width: 1068px) 100vw, 1068px\" \/>\n\t\t\t<\/div>\n\t\t\t\t<figcaption class='wp-caption-text gallery-caption' id='gallery-2-5575'>\n\t\t\t\t\u00a9 Valery Rizzo\n\t\t\t\t<\/figcaption><\/figure><figure class='gallery-item'>\n\t\t\t<div class='gallery-icon portrait'>\n\t\t\t\t<img width=\"1068\" height=\"1600\" src=\"https:\/\/bacsac.com\/journal\/wp-content\/uploads\/2022\/07\/DSC4755.jpg\" class=\"attachment-large size-large\" alt=\"\" decoding=\"async\" loading=\"lazy\" aria-describedby=\"gallery-2-5574\" srcset=\"https:\/\/bacsac.com\/journal\/wp-content\/uploads\/2022\/07\/DSC4755.jpg 1068w, https:\/\/bacsac.com\/journal\/wp-content\/uploads\/2022\/07\/DSC4755-800x1199.jpg 800w, https:\/\/bacsac.com\/journal\/wp-content\/uploads\/2022\/07\/DSC4755-1025x1536.jpg 1025w, https:\/\/bacsac.com\/journal\/wp-content\/uploads\/2022\/07\/DSC4755-320x479.jpg 320w, https:\/\/bacsac.com\/journal\/wp-content\/uploads\/2022\/07\/DSC4755-560x839.jpg 560w\" sizes=\"(max-width: 1068px) 100vw, 1068px\" \/>\n\t\t\t<\/div>\n\t\t\t\t<figcaption class='wp-caption-text gallery-caption' id='gallery-2-5574'>\n\t\t\t\t\u00a9 Valery Rizzo\n\t\t\t\t<\/figcaption><\/figure><figure class='gallery-item'>\n\t\t\t<div class='gallery-icon portrait'>\n\t\t\t\t<img width=\"1068\" height=\"1600\" src=\"https:\/\/bacsac.com\/journal\/wp-content\/uploads\/2022\/07\/DSC2152.jpg\" class=\"attachment-large size-large\" alt=\"\" decoding=\"async\" loading=\"lazy\" aria-describedby=\"gallery-2-5577\" srcset=\"https:\/\/bacsac.com\/journal\/wp-content\/uploads\/2022\/07\/DSC2152.jpg 1068w, https:\/\/bacsac.com\/journal\/wp-content\/uploads\/2022\/07\/DSC2152-800x1199.jpg 800w, https:\/\/bacsac.com\/journal\/wp-content\/uploads\/2022\/07\/DSC2152-1025x1536.jpg 1025w, https:\/\/bacsac.com\/journal\/wp-content\/uploads\/2022\/07\/DSC2152-320x479.jpg 320w, https:\/\/bacsac.com\/journal\/wp-content\/uploads\/2022\/07\/DSC2152-560x839.jpg 560w\" sizes=\"(max-width: 1068px) 100vw, 1068px\" \/>\n\t\t\t<\/div>\n\t\t\t\t<figcaption class='wp-caption-text gallery-caption' id='gallery-2-5577'>\n\t\t\t\tPot BACSAC plant\u00e9 d\u2019un m\u00e9lange de vivaces mellif\u00e8res et r\u00e9sistantes \u00e0 la s\u00e9cheresse (Achill\u00e9e Millefeuille, Menthe, Lin, Sauge et Tr\u00e8fle des prairies) \u00a9Valery Rizzo\n\t\t\t\t<\/figcaption><\/figure>\n\t\t<\/div>\n\n<p><span style=\"font-weight: 400;\">En compl\u00e9ment des productions de mon jardin, j\u2019aime me rendre aux march\u00e9s des fermes urbaines alentours et suis \u00e9galement membre d\u2019une Food Coop, un supermarch\u00e9 participatif qui source des aliments non toxiques et peu transform\u00e9s, issus d\u2019une agriculture durable. <\/span><\/p>\n<figure id=\"attachment_5580\" aria-describedby=\"caption-attachment-5580\" style=\"width: 800px\" class=\"wp-caption aligncenter\"><img decoding=\"async\" loading=\"lazy\" class=\"wp-image-5580 size-medium\" src=\"https:\/\/bacsac.com\/journal\/wp-content\/uploads\/2022\/07\/DSC0587-800x534.jpg\" alt=\"\" width=\"800\" height=\"534\" srcset=\"https:\/\/bacsac.com\/journal\/wp-content\/uploads\/2022\/07\/DSC0587-800x534.jpg 800w, https:\/\/bacsac.com\/journal\/wp-content\/uploads\/2022\/07\/DSC0587-1160x774.jpg 1160w, https:\/\/bacsac.com\/journal\/wp-content\/uploads\/2022\/07\/DSC0587-1536x1025.jpg 1536w, https:\/\/bacsac.com\/journal\/wp-content\/uploads\/2022\/07\/DSC0587-320x214.jpg 320w, https:\/\/bacsac.com\/journal\/wp-content\/uploads\/2022\/07\/DSC0587-560x374.jpg 560w, https:\/\/bacsac.com\/journal\/wp-content\/uploads\/2022\/07\/DSC0587.jpg 1600w\" sizes=\"(max-width: 800px) 100vw, 800px\" \/><figcaption id=\"caption-attachment-5580\" class=\"wp-caption-text\">Brooklyn Grange\u2019s Brooklyn Sunset Park Farm \/ \u00a9 Valery Rizzo<\/figcaption><\/figure>\n<figure id=\"attachment_5582\" aria-describedby=\"caption-attachment-5582\" style=\"width: 800px\" class=\"wp-caption aligncenter\"><img decoding=\"async\" loading=\"lazy\" class=\"wp-image-5582 size-medium\" src=\"https:\/\/bacsac.com\/journal\/wp-content\/uploads\/2022\/07\/DSC5920-2-copie-800x530.jpg\" alt=\"\" width=\"800\" height=\"530\" srcset=\"https:\/\/bacsac.com\/journal\/wp-content\/uploads\/2022\/07\/DSC5920-2-copie-800x530.jpg 800w, https:\/\/bacsac.com\/journal\/wp-content\/uploads\/2022\/07\/DSC5920-2-copie-1160x769.jpg 1160w, https:\/\/bacsac.com\/journal\/wp-content\/uploads\/2022\/07\/DSC5920-2-copie-320x212.jpg 320w, https:\/\/bacsac.com\/journal\/wp-content\/uploads\/2022\/07\/DSC5920-2-copie-560x371.jpg 560w, https:\/\/bacsac.com\/journal\/wp-content\/uploads\/2022\/07\/DSC5920-2-copie.jpg 1248w\" sizes=\"(max-width: 800px) 100vw, 800px\" \/><figcaption id=\"caption-attachment-5582\" class=\"wp-caption-text\">Brooklyn Grange&#8217;s Brooklyn Navy Yard Farm \/ \u00a9 Photo Valery Rizzo \/ Urban Farmers, gestalten 2021<\/figcaption><\/figure>\n<p>&nbsp;<\/p>\n<p><strong><span style=\"font-weight: 400;\">Voici 3 fermes new-yorkaises document\u00e9es dans mon livre <\/span><i><span style=\"font-weight: 400;\">Fermiers urbains.<\/span><\/i><span style=\"font-weight: 400;\"> Non seulement ces fermes donnent acc\u00e8s \u00e0 des produits frais, mais cr\u00e9ent aussi de l\u2019emploi, du lien social, \u00e9duquent la jeunesse, d\u00e9fendent les valeurs de justice alimentaire\u2026 insufflant un changement positif \u00e0 la ville.<\/span><\/strong><\/p>\n<p>&nbsp;<\/p>\n<h2 id=\"brooklyn-grange\"><a href=\"https:\/\/www.brooklyngrangefarm.com\/\" target=\"_blank\" rel=\"noopener\"><strong>BROOKLYN GRANGE<\/strong><\/a><\/h2>\n<p><span style=\"font-weight: 400;\">C\u2019est l\u2019une des premi\u00e8res fermes que j\u2019ai photographi\u00e9e, et d\u00e9finitivement celle qui a piqu\u00e9 mon int\u00e9r\u00eat de documenter l\u2019agriculture urbaine \u00e0 travers le monde ! Avec 3 sites sur les toits de b\u00e2timents industriels \u00e0 NYC, Brooklyn Grange a cr\u00e9\u00e9 un mod\u00e8le r\u00e9volutionnaire d\u2019agriculture mara\u00eech\u00e8re en toiture avec pour objectif de produire \u00e0 grande \u00e9chelle, d\u2019accro\u00eetre les espaces verts \u00e0 travers la ville et de construire une communaut\u00e9 \u00e0 travers l\u2019\u00e9ducation. <\/span><span style=\"font-weight: 400;\">Ce que j\u2019aime \u00e0 Brooklyn Grange : leurs m\u00e9langes de salades !<br \/>\n<\/span><\/p>\n<p><img decoding=\"async\" loading=\"lazy\" class=\" wp-image-5630 alignnone\" src=\"https:\/\/bacsac.com\/journal\/wp-content\/uploads\/2022\/07\/PICTO.png\" alt=\"\" width=\"36\" height=\"35\" \/><br \/>\n@brooklyngrange<\/p>\n<div id='gallery-3' class='gallery galleryid-5566 gallery-columns-2 gallery-size-large'><figure class='gallery-item'>\n\t\t\t<div class='gallery-icon portrait'>\n\t\t\t\t<img width=\"1160\" height=\"1738\" src=\"https:\/\/bacsac.com\/journal\/wp-content\/uploads\/2022\/07\/DSC2287-1160x1738.jpg\" class=\"attachment-large size-large\" alt=\"\" decoding=\"async\" loading=\"lazy\" aria-describedby=\"gallery-3-5589\" srcset=\"https:\/\/bacsac.com\/journal\/wp-content\/uploads\/2022\/07\/DSC2287-1160x1738.jpg 1160w, https:\/\/bacsac.com\/journal\/wp-content\/uploads\/2022\/07\/DSC2287-800x1199.jpg 800w, https:\/\/bacsac.com\/journal\/wp-content\/uploads\/2022\/07\/DSC2287-1025x1536.jpg 1025w, https:\/\/bacsac.com\/journal\/wp-content\/uploads\/2022\/07\/DSC2287-1367x2048.jpg 1367w, https:\/\/bacsac.com\/journal\/wp-content\/uploads\/2022\/07\/DSC2287-320x479.jpg 320w, https:\/\/bacsac.com\/journal\/wp-content\/uploads\/2022\/07\/DSC2287-560x839.jpg 560w, https:\/\/bacsac.com\/journal\/wp-content\/uploads\/2022\/07\/DSC2287-1920x2877.jpg 1920w, https:\/\/bacsac.com\/journal\/wp-content\/uploads\/2022\/07\/DSC2287-scaled.jpg 1709w\" sizes=\"(max-width: 1160px) 100vw, 1160px\" \/>\n\t\t\t<\/div>\n\t\t\t\t<figcaption class='wp-caption-text gallery-caption' id='gallery-3-5589'>\n\t\t\t\tBrooklyn Grange \/ \u00a9 Photo Valery Rizzo\/ Urban Farmers, gestalten 2021\n\t\t\t\t<\/figcaption><\/figure><figure class='gallery-item'>\n\t\t\t<div class='gallery-icon portrait'>\n\t\t\t\t<img width=\"1065\" height=\"1600\" src=\"https:\/\/bacsac.com\/journal\/wp-content\/uploads\/2022\/07\/DSC3571.jpg\" class=\"attachment-large size-large\" alt=\"\" decoding=\"async\" loading=\"lazy\" aria-describedby=\"gallery-3-5590\" srcset=\"https:\/\/bacsac.com\/journal\/wp-content\/uploads\/2022\/07\/DSC3571.jpg 1065w, https:\/\/bacsac.com\/journal\/wp-content\/uploads\/2022\/07\/DSC3571-800x1202.jpg 800w, https:\/\/bacsac.com\/journal\/wp-content\/uploads\/2022\/07\/DSC3571-1022x1536.jpg 1022w, https:\/\/bacsac.com\/journal\/wp-content\/uploads\/2022\/07\/DSC3571-320x481.jpg 320w, https:\/\/bacsac.com\/journal\/wp-content\/uploads\/2022\/07\/DSC3571-560x841.jpg 560w\" sizes=\"(max-width: 1065px) 100vw, 1065px\" \/>\n\t\t\t<\/div>\n\t\t\t\t<figcaption class='wp-caption-text gallery-caption' id='gallery-3-5590'>\n\t\t\t\tBrooklyn Grange \/ \u00a9 Valery Rizzo\n\t\t\t\t<\/figcaption><\/figure><figure class='gallery-item'>\n\t\t\t<div class='gallery-icon portrait'>\n\t\t\t\t<img width=\"1065\" height=\"1600\" src=\"https:\/\/bacsac.com\/journal\/wp-content\/uploads\/2022\/07\/DSC3749-2.jpg\" class=\"attachment-large size-large\" alt=\"\" decoding=\"async\" loading=\"lazy\" aria-describedby=\"gallery-3-5591\" srcset=\"https:\/\/bacsac.com\/journal\/wp-content\/uploads\/2022\/07\/DSC3749-2.jpg 1065w, https:\/\/bacsac.com\/journal\/wp-content\/uploads\/2022\/07\/DSC3749-2-800x1202.jpg 800w, https:\/\/bacsac.com\/journal\/wp-content\/uploads\/2022\/07\/DSC3749-2-1022x1536.jpg 1022w, https:\/\/bacsac.com\/journal\/wp-content\/uploads\/2022\/07\/DSC3749-2-320x481.jpg 320w, https:\/\/bacsac.com\/journal\/wp-content\/uploads\/2022\/07\/DSC3749-2-560x841.jpg 560w\" sizes=\"(max-width: 1065px) 100vw, 1065px\" \/>\n\t\t\t<\/div>\n\t\t\t\t<figcaption class='wp-caption-text gallery-caption' id='gallery-3-5591'>\n\t\t\t\tBrooklyn Grange \/ \u00a9 Valery Rizzo\n\t\t\t\t<\/figcaption><\/figure><figure class='gallery-item'>\n\t\t\t<div class='gallery-icon portrait'>\n\t\t\t\t<img width=\"1160\" height=\"1738\" src=\"https:\/\/bacsac.com\/journal\/wp-content\/uploads\/2022\/07\/DSC4520-1160x1738.jpg\" class=\"attachment-large size-large\" alt=\"\" decoding=\"async\" loading=\"lazy\" aria-describedby=\"gallery-3-5592\" srcset=\"https:\/\/bacsac.com\/journal\/wp-content\/uploads\/2022\/07\/DSC4520-1160x1738.jpg 1160w, https:\/\/bacsac.com\/journal\/wp-content\/uploads\/2022\/07\/DSC4520-800x1199.jpg 800w, https:\/\/bacsac.com\/journal\/wp-content\/uploads\/2022\/07\/DSC4520-1025x1536.jpg 1025w, https:\/\/bacsac.com\/journal\/wp-content\/uploads\/2022\/07\/DSC4520-1367x2048.jpg 1367w, https:\/\/bacsac.com\/journal\/wp-content\/uploads\/2022\/07\/DSC4520-320x479.jpg 320w, https:\/\/bacsac.com\/journal\/wp-content\/uploads\/2022\/07\/DSC4520-560x839.jpg 560w, https:\/\/bacsac.com\/journal\/wp-content\/uploads\/2022\/07\/DSC4520-1920x2877.jpg 1920w, https:\/\/bacsac.com\/journal\/wp-content\/uploads\/2022\/07\/DSC4520-scaled.jpg 1709w\" sizes=\"(max-width: 1160px) 100vw, 1160px\" \/>\n\t\t\t<\/div>\n\t\t\t\t<figcaption class='wp-caption-text gallery-caption' id='gallery-3-5592'>\n\t\t\t\tBrooklyn Grange \/ \u00a9 Photo Valery Rizzo\/ Urban Farmers, gestalten 2021\n\t\t\t\t<\/figcaption><\/figure>\n\t\t<\/div>\n\n<h2 id=\"oko-farms\"><strong><a href=\"https:\/\/www.okofarms.org\/\" target=\"_blank\" rel=\"noopener\">OKO FARMS<\/a>\u00a0<\/strong><\/h2>\n<p><span style=\"font-weight: 400;\">Oko Farms<\/span><span style=\"font-weight: 400;\"> est une ferme en aquaponie \u00e0 vis\u00e9e p\u00e9dagogique, situ\u00e9e \u00e0 Brooklyn. A travers leurs deux sites ouverts au public, sont cultiv\u00e9s l\u00e9gumes et poissons d\u2019eau douce dans un \u00e9cosyst\u00e8me de recirculation de l\u2019eau.\u00a0<\/span><span style=\"font-weight: 400;\">Ce que j\u2019aime \u00e0 Oko Farms : leurs plantes tinctoriales et leur citronnelle!<\/span><\/p>\n<p><a href=\"https:\/\/www.instagram.com\/okofarms\/?hl=fr\" target=\"_blank\" rel=\"noopener\"><span style=\"font-weight: 400;\">\u00a0<\/span><img decoding=\"async\" loading=\"lazy\" class=\" wp-image-5630 alignnone\" src=\"https:\/\/bacsac.com\/journal\/wp-content\/uploads\/2022\/07\/PICTO.png\" alt=\"\" width=\"36\" height=\"35\" \/><\/a><br \/>\n@okofarms<\/p>\n<figure id=\"attachment_5608\" aria-describedby=\"caption-attachment-5608\" style=\"width: 800px\" class=\"wp-caption aligncenter\"><img decoding=\"async\" loading=\"lazy\" class=\"wp-image-5608 size-medium\" src=\"https:\/\/bacsac.com\/journal\/wp-content\/uploads\/2022\/07\/DSC9688-800x534.jpeg\" alt=\"\" width=\"800\" height=\"534\" srcset=\"https:\/\/bacsac.com\/journal\/wp-content\/uploads\/2022\/07\/DSC9688-800x534.jpeg 800w, https:\/\/bacsac.com\/journal\/wp-content\/uploads\/2022\/07\/DSC9688-1160x774.jpeg 1160w, https:\/\/bacsac.com\/journal\/wp-content\/uploads\/2022\/07\/DSC9688-1536x1025.jpeg 1536w, https:\/\/bacsac.com\/journal\/wp-content\/uploads\/2022\/07\/DSC9688-320x214.jpeg 320w, https:\/\/bacsac.com\/journal\/wp-content\/uploads\/2022\/07\/DSC9688-560x374.jpeg 560w, https:\/\/bacsac.com\/journal\/wp-content\/uploads\/2022\/07\/DSC9688.jpeg 1600w\" sizes=\"(max-width: 800px) 100vw, 800px\" \/><figcaption id=\"caption-attachment-5608\" class=\"wp-caption-text\">Oko Farms \/ \u00a9 Photo Valery Rizzo \/ Urban Farmers, gestalten 2021<\/figcaption><\/figure>\n<div id='gallery-4' class='gallery galleryid-5566 gallery-columns-2 gallery-size-large'><figure class='gallery-item'>\n\t\t\t<div class='gallery-icon portrait'>\n\t\t\t\t<img width=\"1068\" height=\"1600\" src=\"https:\/\/bacsac.com\/journal\/wp-content\/uploads\/2022\/07\/DSC8044.jpg\" class=\"attachment-large size-large\" alt=\"\" decoding=\"async\" loading=\"lazy\" aria-describedby=\"gallery-4-5598\" srcset=\"https:\/\/bacsac.com\/journal\/wp-content\/uploads\/2022\/07\/DSC8044.jpg 1068w, https:\/\/bacsac.com\/journal\/wp-content\/uploads\/2022\/07\/DSC8044-800x1199.jpg 800w, https:\/\/bacsac.com\/journal\/wp-content\/uploads\/2022\/07\/DSC8044-1025x1536.jpg 1025w, https:\/\/bacsac.com\/journal\/wp-content\/uploads\/2022\/07\/DSC8044-320x479.jpg 320w, https:\/\/bacsac.com\/journal\/wp-content\/uploads\/2022\/07\/DSC8044-560x839.jpg 560w\" sizes=\"(max-width: 1068px) 100vw, 1068px\" \/>\n\t\t\t<\/div>\n\t\t\t\t<figcaption class='wp-caption-text gallery-caption' id='gallery-4-5598'>\n\t\t\t\tOko Farms \/ \u00a9 Photo Valery Rizzo \/ Urban Farmers, gestalten 2021\n\t\t\t\t<\/figcaption><\/figure><figure class='gallery-item'>\n\t\t\t<div class='gallery-icon portrait'>\n\t\t\t\t<img width=\"1068\" height=\"1600\" src=\"https:\/\/bacsac.com\/journal\/wp-content\/uploads\/2022\/07\/DSC8175.jpg\" class=\"attachment-large size-large\" alt=\"\" decoding=\"async\" loading=\"lazy\" aria-describedby=\"gallery-4-5599\" srcset=\"https:\/\/bacsac.com\/journal\/wp-content\/uploads\/2022\/07\/DSC8175.jpg 1068w, https:\/\/bacsac.com\/journal\/wp-content\/uploads\/2022\/07\/DSC8175-800x1199.jpg 800w, https:\/\/bacsac.com\/journal\/wp-content\/uploads\/2022\/07\/DSC8175-1025x1536.jpg 1025w, https:\/\/bacsac.com\/journal\/wp-content\/uploads\/2022\/07\/DSC8175-320x479.jpg 320w, https:\/\/bacsac.com\/journal\/wp-content\/uploads\/2022\/07\/DSC8175-560x839.jpg 560w\" sizes=\"(max-width: 1068px) 100vw, 1068px\" \/>\n\t\t\t<\/div>\n\t\t\t\t<figcaption class='wp-caption-text gallery-caption' id='gallery-4-5599'>\n\t\t\t\tOko Farms \/ \u00a9 Photo Valery Rizzo\n\t\t\t\t<\/figcaption><\/figure><figure class='gallery-item'>\n\t\t\t<div class='gallery-icon portrait'>\n\t\t\t\t<img width=\"1068\" height=\"1600\" src=\"https:\/\/bacsac.com\/journal\/wp-content\/uploads\/2022\/07\/DSC4288.jpg\" class=\"attachment-large size-large\" alt=\"\" decoding=\"async\" loading=\"lazy\" aria-describedby=\"gallery-4-5595\" srcset=\"https:\/\/bacsac.com\/journal\/wp-content\/uploads\/2022\/07\/DSC4288.jpg 1068w, https:\/\/bacsac.com\/journal\/wp-content\/uploads\/2022\/07\/DSC4288-800x1199.jpg 800w, https:\/\/bacsac.com\/journal\/wp-content\/uploads\/2022\/07\/DSC4288-1025x1536.jpg 1025w, https:\/\/bacsac.com\/journal\/wp-content\/uploads\/2022\/07\/DSC4288-320x479.jpg 320w, https:\/\/bacsac.com\/journal\/wp-content\/uploads\/2022\/07\/DSC4288-560x839.jpg 560w\" sizes=\"(max-width: 1068px) 100vw, 1068px\" \/>\n\t\t\t<\/div>\n\t\t\t\t<figcaption class='wp-caption-text gallery-caption' id='gallery-4-5595'>\n\t\t\t\tOko Farms \/ \u00a9 Photo Valery Rizzo\n\t\t\t\t<\/figcaption><\/figure><figure class='gallery-item'>\n\t\t\t<div class='gallery-icon portrait'>\n\t\t\t\t<img width=\"1068\" height=\"1600\" src=\"https:\/\/bacsac.com\/journal\/wp-content\/uploads\/2022\/07\/DSC4128.jpeg\" class=\"attachment-large size-large\" alt=\"\" decoding=\"async\" loading=\"lazy\" aria-describedby=\"gallery-4-5609\" srcset=\"https:\/\/bacsac.com\/journal\/wp-content\/uploads\/2022\/07\/DSC4128.jpeg 1068w, https:\/\/bacsac.com\/journal\/wp-content\/uploads\/2022\/07\/DSC4128-800x1199.jpeg 800w, https:\/\/bacsac.com\/journal\/wp-content\/uploads\/2022\/07\/DSC4128-1025x1536.jpeg 1025w, https:\/\/bacsac.com\/journal\/wp-content\/uploads\/2022\/07\/DSC4128-320x479.jpeg 320w, https:\/\/bacsac.com\/journal\/wp-content\/uploads\/2022\/07\/DSC4128-560x839.jpeg 560w\" sizes=\"(max-width: 1068px) 100vw, 1068px\" \/>\n\t\t\t<\/div>\n\t\t\t\t<figcaption class='wp-caption-text gallery-caption' id='gallery-4-5609'>\n\t\t\t\tOko Farms \/ \u00a9 Photo Valery Rizzo\n\t\t\t\t<\/figcaption><\/figure>\n\t\t<\/div>\n\n<h2 id=\"edgemere-farm\"><a href=\"http:\/\/www.edgemerefarm.org\/\"><strong>EDGEMERE FARM<\/strong><\/a><\/h2>\n<p><span style=\"font-weight: 400;\">Ce qui \u00e9tait autrefois un terrain communal abandonn\u00e9, situ\u00e9 dans le sud du Queens pr\u00e8s de la mer, a \u00e9t\u00e9 transform\u00e9 en un espace luxuriant o\u00f9 s\u2019\u00e9panouissent des rang\u00e9es de l\u00e9gumes, fleurs et aromatiques produits en permaculture. <\/span><span style=\"font-weight: 400;\">My favorite thing \u00e0 Edgemere Farm : les gens et l\u2019\u00e9nergie que d\u00e9gage de ce lieu !<\/span><\/p>\n<p data-wp-editing=\"1\"><a href=\"https:\/\/www.instagram.com\/edgemerefarm\/?hl=fr\" target=\"_blank\" rel=\"noopener\"><span style=\"font-weight: 400;\">\u00a0<\/span><img decoding=\"async\" loading=\"lazy\" class=\" wp-image-5630 alignnone\" src=\"https:\/\/bacsac.com\/journal\/wp-content\/uploads\/2022\/07\/PICTO.png\" alt=\"\" width=\"36\" height=\"35\" \/><\/a><br \/>\n@edgemerefarm<\/p>\n<div class=\"mceTemp\"><\/div>\n<figure id=\"attachment_5601\" aria-describedby=\"caption-attachment-5601\" style=\"width: 800px\" class=\"wp-caption alignnone\"><img decoding=\"async\" loading=\"lazy\" class=\"wp-image-5601 size-medium\" src=\"https:\/\/bacsac.com\/journal\/wp-content\/uploads\/2022\/07\/DSC2178-800x534.jpg\" alt=\"\" width=\"800\" height=\"534\" srcset=\"https:\/\/bacsac.com\/journal\/wp-content\/uploads\/2022\/07\/DSC2178-800x534.jpg 800w, https:\/\/bacsac.com\/journal\/wp-content\/uploads\/2022\/07\/DSC2178-1160x774.jpg 1160w, https:\/\/bacsac.com\/journal\/wp-content\/uploads\/2022\/07\/DSC2178-1536x1025.jpg 1536w, https:\/\/bacsac.com\/journal\/wp-content\/uploads\/2022\/07\/DSC2178-2048x1367.jpg 2048w, https:\/\/bacsac.com\/journal\/wp-content\/uploads\/2022\/07\/DSC2178-320x214.jpg 320w, https:\/\/bacsac.com\/journal\/wp-content\/uploads\/2022\/07\/DSC2178-560x374.jpg 560w, https:\/\/bacsac.com\/journal\/wp-content\/uploads\/2022\/07\/DSC2178-1920x1281.jpg 1920w, https:\/\/bacsac.com\/journal\/wp-content\/uploads\/2022\/07\/DSC2178-scaled.jpg 2560w\" sizes=\"(max-width: 800px) 100vw, 800px\" \/><figcaption id=\"caption-attachment-5601\" class=\"wp-caption-text\">Edgemere Farm \/ \u00a9 Photo Valery Rizzo<\/figcaption><\/figure>\n<figure id=\"attachment_5615\" aria-describedby=\"caption-attachment-5615\" style=\"width: 357px\" class=\"wp-caption aligncenter\"><img decoding=\"async\" loading=\"lazy\" class=\"wp-image-5615\" src=\"https:\/\/bacsac.com\/journal\/wp-content\/uploads\/2022\/07\/DSC4848-2-800x1199.jpeg\" alt=\"\" width=\"357\" height=\"535\" srcset=\"https:\/\/bacsac.com\/journal\/wp-content\/uploads\/2022\/07\/DSC4848-2-800x1199.jpeg 800w, https:\/\/bacsac.com\/journal\/wp-content\/uploads\/2022\/07\/DSC4848-2-1025x1536.jpeg 1025w, https:\/\/bacsac.com\/journal\/wp-content\/uploads\/2022\/07\/DSC4848-2-320x479.jpeg 320w, https:\/\/bacsac.com\/journal\/wp-content\/uploads\/2022\/07\/DSC4848-2-560x839.jpeg 560w, https:\/\/bacsac.com\/journal\/wp-content\/uploads\/2022\/07\/DSC4848-2.jpeg 1068w\" sizes=\"(max-width: 357px) 100vw, 357px\" \/><figcaption id=\"caption-attachment-5615\" class=\"wp-caption-text\">Edgemere Farm \/ \u00a9 Photo Valery Rizzo<\/figcaption><\/figure>\n<div id='gallery-5' class='gallery galleryid-5566 gallery-columns-2 gallery-size-large'><figure class='gallery-item'>\n\t\t\t<div class='gallery-icon portrait'>\n\t\t\t\t<img width=\"1068\" height=\"1600\" src=\"https:\/\/bacsac.com\/journal\/wp-content\/uploads\/2022\/07\/DSC1601.jpg\" class=\"attachment-large size-large\" alt=\"\" decoding=\"async\" loading=\"lazy\" aria-describedby=\"gallery-5-5600\" srcset=\"https:\/\/bacsac.com\/journal\/wp-content\/uploads\/2022\/07\/DSC1601.jpg 1068w, https:\/\/bacsac.com\/journal\/wp-content\/uploads\/2022\/07\/DSC1601-800x1199.jpg 800w, https:\/\/bacsac.com\/journal\/wp-content\/uploads\/2022\/07\/DSC1601-1025x1536.jpg 1025w, https:\/\/bacsac.com\/journal\/wp-content\/uploads\/2022\/07\/DSC1601-320x479.jpg 320w, https:\/\/bacsac.com\/journal\/wp-content\/uploads\/2022\/07\/DSC1601-560x839.jpg 560w\" sizes=\"(max-width: 1068px) 100vw, 1068px\" \/>\n\t\t\t<\/div>\n\t\t\t\t<figcaption class='wp-caption-text gallery-caption' id='gallery-5-5600'>\n\t\t\t\tEdgemere Farm \/ \u00a9 Photo Valery Rizzo \/ Urban Farmers, gestalten 2021\n\t\t\t\t<\/figcaption><\/figure><figure class='gallery-item'>\n\t\t\t<div class='gallery-icon portrait'>\n\t\t\t\t<img width=\"1068\" height=\"1600\" src=\"https:\/\/bacsac.com\/journal\/wp-content\/uploads\/2022\/07\/DSC5115.jpg\" class=\"attachment-large size-large\" alt=\"\" decoding=\"async\" loading=\"lazy\" aria-describedby=\"gallery-5-5603\" srcset=\"https:\/\/bacsac.com\/journal\/wp-content\/uploads\/2022\/07\/DSC5115.jpg 1068w, https:\/\/bacsac.com\/journal\/wp-content\/uploads\/2022\/07\/DSC5115-800x1199.jpg 800w, https:\/\/bacsac.com\/journal\/wp-content\/uploads\/2022\/07\/DSC5115-1025x1536.jpg 1025w, https:\/\/bacsac.com\/journal\/wp-content\/uploads\/2022\/07\/DSC5115-320x479.jpg 320w, https:\/\/bacsac.com\/journal\/wp-content\/uploads\/2022\/07\/DSC5115-560x839.jpg 560w\" sizes=\"(max-width: 1068px) 100vw, 1068px\" \/>\n\t\t\t<\/div>\n\t\t\t\t<figcaption class='wp-caption-text gallery-caption' id='gallery-5-5603'>\n\t\t\t\tEdgemere Farm \/ \u00a9 Photo Valery Rizzo \/ Urban Farmers, gestalten 2021\n\t\t\t\t<\/figcaption><\/figure>\n\t\t<\/div>\n\n<figure id=\"attachment_5602\" aria-describedby=\"caption-attachment-5602\" style=\"width: 800px\" class=\"wp-caption aligncenter\"><img decoding=\"async\" loading=\"lazy\" class=\"wp-image-5602 size-medium\" src=\"https:\/\/bacsac.com\/journal\/wp-content\/uploads\/2022\/07\/DSC4521-800x534.jpg\" alt=\"\" width=\"800\" height=\"534\" srcset=\"https:\/\/bacsac.com\/journal\/wp-content\/uploads\/2022\/07\/DSC4521-800x534.jpg 800w, https:\/\/bacsac.com\/journal\/wp-content\/uploads\/2022\/07\/DSC4521-1160x774.jpg 1160w, https:\/\/bacsac.com\/journal\/wp-content\/uploads\/2022\/07\/DSC4521-1536x1025.jpg 1536w, https:\/\/bacsac.com\/journal\/wp-content\/uploads\/2022\/07\/DSC4521-320x214.jpg 320w, https:\/\/bacsac.com\/journal\/wp-content\/uploads\/2022\/07\/DSC4521-560x374.jpg 560w, https:\/\/bacsac.com\/journal\/wp-content\/uploads\/2022\/07\/DSC4521.jpg 1600w\" sizes=\"(max-width: 800px) 100vw, 800px\" \/><figcaption id=\"caption-attachment-5602\" class=\"wp-caption-text\">Edgemere Farm \/ \u00a9 Photo Valery Rizzo \/ Urban Farmers, gestalten 2021<\/figcaption><\/figure>\n<p>&nbsp;<\/p>\n<figure id=\"attachment_5568\" aria-describedby=\"caption-attachment-5568\" style=\"width: 300px\" class=\"wp-caption aligncenter\"><img decoding=\"async\" loading=\"lazy\" class=\"wp-image-5568\" src=\"https:\/\/bacsac.com\/journal\/wp-content\/uploads\/2022\/07\/urbanfarmerscover-800x1044.jpg\" alt=\"\" width=\"300\" height=\"391\" srcset=\"https:\/\/bacsac.com\/journal\/wp-content\/uploads\/2022\/07\/urbanfarmerscover-800x1044.jpg 800w, https:\/\/bacsac.com\/journal\/wp-content\/uploads\/2022\/07\/urbanfarmerscover-1160x1513.jpg 1160w, https:\/\/bacsac.com\/journal\/wp-content\/uploads\/2022\/07\/urbanfarmerscover-1177x1536.jpg 1177w, https:\/\/bacsac.com\/journal\/wp-content\/uploads\/2022\/07\/urbanfarmerscover-1570x2048.jpg 1570w, https:\/\/bacsac.com\/journal\/wp-content\/uploads\/2022\/07\/urbanfarmerscover-320x417.jpg 320w, https:\/\/bacsac.com\/journal\/wp-content\/uploads\/2022\/07\/urbanfarmerscover-560x731.jpg 560w, https:\/\/bacsac.com\/journal\/wp-content\/uploads\/2022\/07\/urbanfarmerscover-1920x2505.jpg 1920w, https:\/\/bacsac.com\/journal\/wp-content\/uploads\/2022\/07\/urbanfarmerscover-scaled.jpg 1962w\" sizes=\"(max-width: 300px) 100vw, 300px\" \/><figcaption id=\"caption-attachment-5568\" class=\"wp-caption-text\">cover \u00a9 Photo Valery Rizzo, <em>Urban Farmers<\/em>, gestalten, 2021<\/figcaption><\/figure>\n<h4 id=\"shop\" style=\"text-align: center;\"><a href=\"https:\/\/bacsac.com\/fr\/bacs-potagers\/65-2465-carres-potagers.html\" target=\"_blank\" rel=\"noopener\"><strong>+ SHOP<\/strong><\/a><\/h4>\n<blockquote>\n<p style=\"text-align: left;\"><b><i>\u201cOnce you know how to buy fresh produce and how to cook it, you should probably know how to grow it too.\u201d<\/i><\/b><\/p>\n<\/blockquote>\n<p style=\"text-align: left;\"><strong style=\"font-family: -apple-system, BlinkMacSystemFont, 'Segoe UI', Roboto, 'Helvetica Neue', Arial, 'Noto Sans', sans-serif, 'Apple Color Emoji', 'Segoe UI Emoji', 'Segoe UI Symbol', 'Noto Color Emoji';\">Yemi Amu, co-fondateur d&#8217;Oko Farms<br \/>\n<\/strong><strong style=\"font-family: -apple-system, BlinkMacSystemFont, 'Segoe UI', Roboto, 'Helvetica Neue', Arial, 'Noto Sans', sans-serif, 'Apple Color Emoji', 'Segoe UI Emoji', 'Segoe UI Symbol', 'Noto Color Emoji';\"><span style=\"font-family: -apple-system, BlinkMacSystemFont, 'Segoe UI', Roboto, 'Helvetica Neue', Arial, 'Noto Sans', sans-serif, 'Apple Color Emoji', 'Segoe UI Emoji', 'Segoe UI Symbol', 'Noto Color Emoji'; font-size: 16px;\">Extrait du livre <em>Urban Farmers<\/em>, <\/span>co-\u00e9dit\u00e9 par Valery Rizzo, publi\u00e9 by gestalten, textes de M\u00f3nica R. Goya.<\/strong><\/p>\n<p style=\"text-align: left;\"><strong><img decoding=\"async\" class=\"aligncenter size-full wp-image-5581\" src=\"https:\/\/bacsac.com\/journal\/wp-content\/uploads\/2022\/07\/DSC5920-2.tif\" alt=\"\" \/><\/strong><\/p>\n","protected":false},"excerpt":{"rendered":"<div class=\"post-more\"><a href=\"https:\/\/bacsac.com\/journal\/valery-rizzo\/\" class=\"button button-primary button-effect\"><span>Lire l&#039;article<\/span><span><i class=\"cs-icon cs-icon-arrow-right\"><\/i><\/span><\/a><\/div>\n","protected":false},"author":7,"featured_media":5582,"comment_status":"open","ping_status":"closed","sticky":false,"template":"","format":"standard","meta":[],"categories":[199,201],"tags":[],"powerkit_post_featured":[],"acf":[],"yoast_head":"<!-- This site is optimized with the Yoast SEO plugin v20.12 - https:\/\/yoast.com\/wordpress\/plugins\/seo\/ -->\n<title>Rencontre de BACSAC\u00ae avec la photographe Valery Rizzo<\/title>\n<meta name=\"description\" content=\"L&#039;\u00e9quipe BACSAC\u00ae a rencontr\u00e9 Valery Rizzo, photographe et-\u00e9ditrice du livre Fermiers urbains\" \/>\n<meta name=\"robots\" content=\"index, follow, max-snippet:-1, max-image-preview:large, max-video-preview:-1\" \/>\n<link rel=\"canonical\" href=\"https:\/\/bacsac.com\/journal\/valery-rizzo\/\" \/>\n<meta property=\"og:locale\" content=\"fr_FR\" \/>\n<meta property=\"og:type\" content=\"article\" \/>\n<meta property=\"og:title\" content=\"Rencontre de BACSAC\u00ae avec la photographe Valery Rizzo\" \/>\n<meta property=\"og:description\" content=\"L&#039;\u00e9quipe BACSAC\u00ae a rencontr\u00e9 Valery Rizzo, photographe et-\u00e9ditrice du livre Fermiers urbains\" \/>\n<meta property=\"og:url\" content=\"https:\/\/bacsac.com\/journal\/valery-rizzo\/\" \/>\n<meta property=\"og:site_name\" content=\"BACSAC\" \/>\n<meta property=\"article:author\" content=\"https:\/\/www.facebook.com\/BACSACfr\" \/>\n<meta property=\"article:published_time\" content=\"2022-07-13T10:26:12+00:00\" \/>\n<meta property=\"article:modified_time\" content=\"2024-09-09T10:16:08+00:00\" \/>\n<meta property=\"og:image\" content=\"https:\/\/bacsac.com\/journal\/wp-content\/uploads\/2022\/07\/DSC5920-2-copie.jpg\" \/>\n\t<meta property=\"og:image:width\" content=\"1248\" \/>\n\t<meta property=\"og:image:height\" content=\"827\" \/>\n\t<meta property=\"og:image:type\" content=\"image\/jpeg\" \/>\n<meta name=\"author\" content=\"BACSAC\" \/>\n<meta name=\"twitter:label1\" content=\"\u00c9crit par\" \/>\n\t<meta name=\"twitter:data1\" content=\"BACSAC\" \/>\n\t<meta name=\"twitter:label2\" content=\"Dur\u00e9e de lecture estim\u00e9e\" \/>\n\t<meta name=\"twitter:data2\" content=\"6 minutes\" \/>\n<script type=\"application\/ld+json\" class=\"yoast-schema-graph\">{\"@context\":\"https:\/\/schema.org\",\"@graph\":[{\"@type\":\"WebPage\",\"@id\":\"https:\/\/bacsac.com\/journal\/valery-rizzo\/\",\"url\":\"https:\/\/bacsac.com\/journal\/valery-rizzo\/\",\"name\":\"Rencontre de BACSAC\u00ae avec la photographe Valery Rizzo\",\"isPartOf\":{\"@id\":\"https:\/\/bacsac.com\/journal\/#website\"},\"datePublished\":\"2022-07-13T10:26:12+00:00\",\"dateModified\":\"2024-09-09T10:16:08+00:00\",\"author\":{\"@id\":\"https:\/\/bacsac.com\/journal\/#\/schema\/person\/d5c2a0bce1fb535f7236bb5f1636e9a0\"},\"description\":\"L'\u00e9quipe BACSAC\u00ae a rencontr\u00e9 Valery Rizzo, photographe et-\u00e9ditrice du livre Fermiers urbains\",\"breadcrumb\":{\"@id\":\"https:\/\/bacsac.com\/journal\/valery-rizzo\/#breadcrumb\"},\"inLanguage\":\"fr-FR\",\"potentialAction\":[{\"@type\":\"ReadAction\",\"target\":[\"https:\/\/bacsac.com\/journal\/valery-rizzo\/\"]}]},{\"@type\":\"BreadcrumbList\",\"@id\":\"https:\/\/bacsac.com\/journal\/valery-rizzo\/#breadcrumb\",\"itemListElement\":[{\"@type\":\"ListItem\",\"position\":1,\"name\":\"Home\",\"item\":\"https:\/\/bacsac.com\/journal\/\"},{\"@type\":\"ListItem\",\"position\":2,\"name\":\"Valery Rizzo\"}]},{\"@type\":\"WebSite\",\"@id\":\"https:\/\/bacsac.com\/journal\/#website\",\"url\":\"https:\/\/bacsac.com\/journal\/\",\"name\":\"BACSAC\",\"description\":\"\",\"potentialAction\":[{\"@type\":\"SearchAction\",\"target\":{\"@type\":\"EntryPoint\",\"urlTemplate\":\"https:\/\/bacsac.com\/journal\/?s={search_term_string}\"},\"query-input\":\"required name=search_term_string\"}],\"inLanguage\":\"fr-FR\"},{\"@type\":\"Person\",\"@id\":\"https:\/\/bacsac.com\/journal\/#\/schema\/person\/d5c2a0bce1fb535f7236bb5f1636e9a0\",\"name\":\"BACSAC\",\"image\":{\"@type\":\"ImageObject\",\"inLanguage\":\"fr-FR\",\"@id\":\"https:\/\/bacsac.com\/journal\/#\/schema\/person\/image\/\",\"url\":\"https:\/\/secure.gravatar.com\/avatar\/1fddf416cc0b22fe6d344ef9f5b4adce?s=96&d=identicon&r=g\",\"contentUrl\":\"https:\/\/secure.gravatar.com\/avatar\/1fddf416cc0b22fe6d344ef9f5b4adce?s=96&d=identicon&r=g\",\"caption\":\"BACSAC\"},\"sameAs\":[\"https:\/\/bacsac.com\/fr\/\",\"https:\/\/www.facebook.com\/BACSACfr\",\"https:\/\/www.pinterest.fr\/BACSAC\/_created\/\"],\"url\":\"https:\/\/bacsac.com\/journal\/author\/martin\/\"}]}<\/script>\n<!-- \/ Yoast SEO plugin. -->","yoast_head_json":{"title":"Rencontre de BACSAC\u00ae avec la photographe Valery Rizzo","description":"L'\u00e9quipe BACSAC\u00ae a rencontr\u00e9 Valery Rizzo, photographe et-\u00e9ditrice du livre Fermiers urbains","robots":{"index":"index","follow":"follow","max-snippet":"max-snippet:-1","max-image-preview":"max-image-preview:large","max-video-preview":"max-video-preview:-1"},"canonical":"https:\/\/bacsac.com\/journal\/valery-rizzo\/","og_locale":"fr_FR","og_type":"article","og_title":"Rencontre de BACSAC\u00ae avec la photographe Valery Rizzo","og_description":"L'\u00e9quipe BACSAC\u00ae a rencontr\u00e9 Valery Rizzo, photographe et-\u00e9ditrice du livre Fermiers urbains","og_url":"https:\/\/bacsac.com\/journal\/valery-rizzo\/","og_site_name":"BACSAC","article_author":"https:\/\/www.facebook.com\/BACSACfr","article_published_time":"2022-07-13T10:26:12+00:00","article_modified_time":"2024-09-09T10:16:08+00:00","og_image":[{"width":1248,"height":827,"url":"https:\/\/bacsac.com\/journal\/wp-content\/uploads\/2022\/07\/DSC5920-2-copie.jpg","type":"image\/jpeg"}],"author":"BACSAC","twitter_misc":{"\u00c9crit par":"BACSAC","Dur\u00e9e de lecture estim\u00e9e":"6 minutes"},"schema":{"@context":"https:\/\/schema.org","@graph":[{"@type":"WebPage","@id":"https:\/\/bacsac.com\/journal\/valery-rizzo\/","url":"https:\/\/bacsac.com\/journal\/valery-rizzo\/","name":"Rencontre de BACSAC\u00ae avec la photographe Valery Rizzo","isPartOf":{"@id":"https:\/\/bacsac.com\/journal\/#website"},"datePublished":"2022-07-13T10:26:12+00:00","dateModified":"2024-09-09T10:16:08+00:00","author":{"@id":"https:\/\/bacsac.com\/journal\/#\/schema\/person\/d5c2a0bce1fb535f7236bb5f1636e9a0"},"description":"L'\u00e9quipe BACSAC\u00ae a rencontr\u00e9 Valery Rizzo, photographe et-\u00e9ditrice du livre Fermiers urbains","breadcrumb":{"@id":"https:\/\/bacsac.com\/journal\/valery-rizzo\/#breadcrumb"},"inLanguage":"fr-FR","potentialAction":[{"@type":"ReadAction","target":["https:\/\/bacsac.com\/journal\/valery-rizzo\/"]}]},{"@type":"BreadcrumbList","@id":"https:\/\/bacsac.com\/journal\/valery-rizzo\/#breadcrumb","itemListElement":[{"@type":"ListItem","position":1,"name":"Home","item":"https:\/\/bacsac.com\/journal\/"},{"@type":"ListItem","position":2,"name":"Valery Rizzo"}]},{"@type":"WebSite","@id":"https:\/\/bacsac.com\/journal\/#website","url":"https:\/\/bacsac.com\/journal\/","name":"BACSAC","description":"","potentialAction":[{"@type":"SearchAction","target":{"@type":"EntryPoint","urlTemplate":"https:\/\/bacsac.com\/journal\/?s={search_term_string}"},"query-input":"required name=search_term_string"}],"inLanguage":"fr-FR"},{"@type":"Person","@id":"https:\/\/bacsac.com\/journal\/#\/schema\/person\/d5c2a0bce1fb535f7236bb5f1636e9a0","name":"BACSAC","image":{"@type":"ImageObject","inLanguage":"fr-FR","@id":"https:\/\/bacsac.com\/journal\/#\/schema\/person\/image\/","url":"https:\/\/secure.gravatar.com\/avatar\/1fddf416cc0b22fe6d344ef9f5b4adce?s=96&d=identicon&r=g","contentUrl":"https:\/\/secure.gravatar.com\/avatar\/1fddf416cc0b22fe6d344ef9f5b4adce?s=96&d=identicon&r=g","caption":"BACSAC"},"sameAs":["https:\/\/bacsac.com\/fr\/","https:\/\/www.facebook.com\/BACSACfr","https:\/\/www.pinterest.fr\/BACSAC\/_created\/"],"url":"https:\/\/bacsac.com\/journal\/author\/martin\/"}]}},"_links":{"self":[{"href":"https:\/\/bacsac.com\/journal\/wp-json\/wp\/v2\/posts\/5566"}],"collection":[{"href":"https:\/\/bacsac.com\/journal\/wp-json\/wp\/v2\/posts"}],"about":[{"href":"https:\/\/bacsac.com\/journal\/wp-json\/wp\/v2\/types\/post"}],"author":[{"embeddable":true,"href":"https:\/\/bacsac.com\/journal\/wp-json\/wp\/v2\/users\/7"}],"replies":[{"embeddable":true,"href":"https:\/\/bacsac.com\/journal\/wp-json\/wp\/v2\/comments?post=5566"}],"version-history":[{"count":43,"href":"https:\/\/bacsac.com\/journal\/wp-json\/wp\/v2\/posts\/5566\/revisions"}],"predecessor-version":[{"id":6675,"href":"https:\/\/bacsac.com\/journal\/wp-json\/wp\/v2\/posts\/5566\/revisions\/6675"}],"wp:featuredmedia":[{"embeddable":true,"href":"https:\/\/bacsac.com\/journal\/wp-json\/wp\/v2\/media\/5582"}],"wp:attachment":[{"href":"https:\/\/bacsac.com\/journal\/wp-json\/wp\/v2\/media?parent=5566"}],"wp:term":[{"taxonomy":"category","embeddable":true,"href":"https:\/\/bacsac.com\/journal\/wp-json\/wp\/v2\/categories?post=5566"},{"taxonomy":"post_tag","embeddable":true,"href":"https:\/\/bacsac.com\/journal\/wp-json\/wp\/v2\/tags?post=5566"},{"taxonomy":"powerkit_post_featured","embeddable":true,"href":"https:\/\/bacsac.com\/journal\/wp-json\/wp\/v2\/powerkit_post_featured?post=5566"}],"curies":[{"name":"wp","href":"https:\/\/api.w.org\/{rel}","templated":true}]}}