{"id":4528,"date":"2021-05-25T16:07:58","date_gmt":"2021-05-25T15:07:58","guid":{"rendered":"https:\/\/bacsac.com\/journal\/?p=4528"},"modified":"2023-03-20T10:36:41","modified_gmt":"2023-03-20T09:36:41","slug":"dans-le-jardin-intime-de-christelle-et-jerome-galland","status":"publish","type":"post","link":"https:\/\/bacsac.com\/journal\/dans-le-jardin-intime-de-christelle-et-jerome-galland\/","title":{"rendered":"Christelle &#038; J\u00e9r\u00f4me Galland"},"content":{"rendered":"\r\n\r\n\r\n\r\n\r\n<h2 id=\"dans-le-jardin-secret-de-christelle-et-jerome-galland\"><strong>Dans le jardin secret de Christelle et J\u00e9r\u00f4me Galland\u00a0<\/strong><\/h2>\r\n<p><img decoding=\"async\" loading=\"lazy\" class=\"aligncenter size-full wp-image-4541\" src=\"https:\/\/bacsac.com\/journal\/wp-content\/uploads\/2021\/05\/1.jpg\" alt=\"\" width=\"729\" height=\"1296\" srcset=\"https:\/\/bacsac.com\/journal\/wp-content\/uploads\/2021\/05\/1.jpg 729w, https:\/\/bacsac.com\/journal\/wp-content\/uploads\/2021\/05\/1-320x569.jpg 320w, https:\/\/bacsac.com\/journal\/wp-content\/uploads\/2021\/05\/1-560x996.jpg 560w\" sizes=\"(max-width: 729px) 100vw, 729px\" \/><\/p>\r\n<p><strong>\u00c0 QUAND REMONTE CETTE PASSION DU JARDIN ?<br \/><em>C. :<\/em> J&#8217;ai grandi \u00e0 la campagne et y ai appris \u00e0 faire mes premiers semis et lignes de potager aux c\u00f4t\u00e9s de ma grand-m\u00e8re.<br \/><em>J.:<\/em> Enfant, lorsque mes parents ont achet\u00e9 une maison nich\u00e9e dans un bois et qu&#8217;ils ont voulu transformer cet espace sauvage en jardin !<\/strong><\/p>\r\n<p><img decoding=\"async\" loading=\"lazy\" class=\"aligncenter size-medium wp-image-4543\" src=\"https:\/\/bacsac.com\/journal\/wp-content\/uploads\/2021\/05\/4-800x1422.jpg\" alt=\"\" width=\"800\" height=\"1422\" srcset=\"https:\/\/bacsac.com\/journal\/wp-content\/uploads\/2021\/05\/4-800x1422.jpg 800w, https:\/\/bacsac.com\/journal\/wp-content\/uploads\/2021\/05\/4-1160x2063.jpg 1160w, https:\/\/bacsac.com\/journal\/wp-content\/uploads\/2021\/05\/4-864x1536.jpg 864w, https:\/\/bacsac.com\/journal\/wp-content\/uploads\/2021\/05\/4-1152x2048.jpg 1152w, https:\/\/bacsac.com\/journal\/wp-content\/uploads\/2021\/05\/4-320x569.jpg 320w, https:\/\/bacsac.com\/journal\/wp-content\/uploads\/2021\/05\/4-560x996.jpg 560w, https:\/\/bacsac.com\/journal\/wp-content\/uploads\/2021\/05\/4.jpg 1406w\" sizes=\"(max-width: 800px) 100vw, 800px\" \/><\/p>\r\n\r\n\r\n\r\n\r\n\r\n<p><strong>Nous vivons dans un appartement dot\u00e9 de deux petits rebords de balcon, dans la cuisine et le salon, ouvrant sur la rue. La v\u00e9g\u00e9tation y est dense, non pour se cacher de la ville, mais parce que nous les concevons comme des paysages, des endroits \u00e0 contempler, qui r\u00e9ceptionnent la lumi\u00e8re et \u00e9voluent au gr\u00e9 des saisons. Nous avons privil\u00e9gi\u00e9 arbustes et plantes vivaces. Les seules annuelles qui y poussent sont des surprises que Christelle s\u00e8me en pr\u00e9levant les graines des fleurs fan\u00e9es.<\/strong><\/p>\r\n<p><img decoding=\"async\" loading=\"lazy\" class=\"aligncenter size-medium wp-image-4535\" src=\"https:\/\/bacsac.com\/journal\/wp-content\/uploads\/2021\/05\/5-800x1422.jpg\" alt=\"\" width=\"800\" height=\"1422\" srcset=\"https:\/\/bacsac.com\/journal\/wp-content\/uploads\/2021\/05\/5-800x1422.jpg 800w, https:\/\/bacsac.com\/journal\/wp-content\/uploads\/2021\/05\/5-1160x2063.jpg 1160w, https:\/\/bacsac.com\/journal\/wp-content\/uploads\/2021\/05\/5-864x1536.jpg 864w, https:\/\/bacsac.com\/journal\/wp-content\/uploads\/2021\/05\/5-1152x2048.jpg 1152w, https:\/\/bacsac.com\/journal\/wp-content\/uploads\/2021\/05\/5-320x569.jpg 320w, https:\/\/bacsac.com\/journal\/wp-content\/uploads\/2021\/05\/5-560x996.jpg 560w, https:\/\/bacsac.com\/journal\/wp-content\/uploads\/2021\/05\/5.jpg 1406w\" sizes=\"(max-width: 800px) 100vw, 800px\" \/><img decoding=\"async\" loading=\"lazy\" class=\"aligncenter size-medium wp-image-4549\" src=\"https:\/\/bacsac.com\/journal\/wp-content\/uploads\/2021\/05\/G2_8414-800x1422.jpeg\" alt=\"\" width=\"800\" height=\"1422\" srcset=\"https:\/\/bacsac.com\/journal\/wp-content\/uploads\/2021\/05\/G2_8414-800x1422.jpeg 800w, https:\/\/bacsac.com\/journal\/wp-content\/uploads\/2021\/05\/G2_8414-1160x2063.jpeg 1160w, https:\/\/bacsac.com\/journal\/wp-content\/uploads\/2021\/05\/G2_8414-864x1536.jpeg 864w, https:\/\/bacsac.com\/journal\/wp-content\/uploads\/2021\/05\/G2_8414-1152x2048.jpeg 1152w, https:\/\/bacsac.com\/journal\/wp-content\/uploads\/2021\/05\/G2_8414-320x569.jpeg 320w, https:\/\/bacsac.com\/journal\/wp-content\/uploads\/2021\/05\/G2_8414-560x996.jpeg 560w, https:\/\/bacsac.com\/journal\/wp-content\/uploads\/2021\/05\/G2_8414.jpeg 1406w\" sizes=\"(max-width: 800px) 100vw, 800px\" \/><\/p>\r\n<p><strong style=\"font-family: -apple-system, BlinkMacSystemFont, 'Segoe UI', Roboto, 'Helvetica Neue', Arial, 'Noto Sans', sans-serif, 'Apple Color Emoji', 'Segoe UI Emoji', 'Segoe UI Symbol', 'Noto Color Emoji';\">\u00c0 chacun de nos voyages au Japon nous ramenons plusieurs kilos de yuzus clandestinement. Un agrume tr\u00e8s populaire au Japon, devenu tr\u00e8s en vogue ! J&#8217;utilise jus et \u00e9corce pour r\u00e9aliser sorbets, zests confits et confitures. Je garde les p\u00e9pins pour faire grandir des plants ; ils mettront beaucoup de temps avant de donner des fruits mais sont des super cadeaux pour nos voisins et amis !<\/strong><\/p>\r\n<div id='gallery-1' class='gallery galleryid-4528 gallery-columns-2 gallery-size-full'><figure class='gallery-item'>\n\t\t\t<div class='gallery-icon portrait'>\n\t\t\t\t<img width=\"1440\" height=\"2560\" src=\"https:\/\/bacsac.com\/journal\/wp-content\/uploads\/2021\/05\/1208538-scaled.jpeg\" class=\"attachment-full size-full\" alt=\"\" decoding=\"async\" loading=\"lazy\" srcset=\"https:\/\/bacsac.com\/journal\/wp-content\/uploads\/2021\/05\/1208538-scaled.jpeg 1440w, https:\/\/bacsac.com\/journal\/wp-content\/uploads\/2021\/05\/1208538-800x1422.jpeg 800w, https:\/\/bacsac.com\/journal\/wp-content\/uploads\/2021\/05\/1208538-1160x2062.jpeg 1160w, https:\/\/bacsac.com\/journal\/wp-content\/uploads\/2021\/05\/1208538-864x1536.jpeg 864w, https:\/\/bacsac.com\/journal\/wp-content\/uploads\/2021\/05\/1208538-1152x2048.jpeg 1152w, https:\/\/bacsac.com\/journal\/wp-content\/uploads\/2021\/05\/1208538-320x569.jpeg 320w, https:\/\/bacsac.com\/journal\/wp-content\/uploads\/2021\/05\/1208538-560x996.jpeg 560w, https:\/\/bacsac.com\/journal\/wp-content\/uploads\/2021\/05\/1208538-1920x3413.jpeg 1920w\" sizes=\"(max-width: 1440px) 100vw, 1440px\" \/>\n\t\t\t<\/div><\/figure><figure class='gallery-item'>\n\t\t\t<div class='gallery-icon portrait'>\n\t\t\t\t<img width=\"1440\" height=\"2560\" src=\"https:\/\/bacsac.com\/journal\/wp-content\/uploads\/2021\/05\/yuzu-55-scaled.jpeg\" class=\"attachment-full size-full\" alt=\"\" decoding=\"async\" loading=\"lazy\" srcset=\"https:\/\/bacsac.com\/journal\/wp-content\/uploads\/2021\/05\/yuzu-55-scaled.jpeg 1440w, https:\/\/bacsac.com\/journal\/wp-content\/uploads\/2021\/05\/yuzu-55-800x1422.jpeg 800w, https:\/\/bacsac.com\/journal\/wp-content\/uploads\/2021\/05\/yuzu-55-1160x2062.jpeg 1160w, https:\/\/bacsac.com\/journal\/wp-content\/uploads\/2021\/05\/yuzu-55-864x1536.jpeg 864w, https:\/\/bacsac.com\/journal\/wp-content\/uploads\/2021\/05\/yuzu-55-1152x2048.jpeg 1152w, https:\/\/bacsac.com\/journal\/wp-content\/uploads\/2021\/05\/yuzu-55-320x569.jpeg 320w, https:\/\/bacsac.com\/journal\/wp-content\/uploads\/2021\/05\/yuzu-55-560x996.jpeg 560w, https:\/\/bacsac.com\/journal\/wp-content\/uploads\/2021\/05\/yuzu-55-1920x3413.jpeg 1920w\" sizes=\"(max-width: 1440px) 100vw, 1440px\" \/>\n\t\t\t<\/div><\/figure>\n\t\t<\/div>\n\r\n<p style=\"text-align: left;\"><strong style=\"font-family: -apple-system, BlinkMacSystemFont, 'Segoe UI', Roboto, 'Helvetica Neue', Arial, 'Noto Sans', sans-serif, 'Apple Color Emoji', 'Segoe UI Emoji', 'Segoe UI Symbol', 'Noto Color Emoji';\">Le Japon est un marqueur tr\u00e8s fort pour nous deux. Je m&#8217;y suis rendu la premi\u00e8re fois pour photographier le sentier de p\u00e8lerinage de Kumano Kodo. Une exp\u00e9rience dense, profonde, mais tr\u00e8s courte. Nous y sommes retourn\u00e9s quelques ann\u00e9es plus tard avec Christelle et notre fils pour prendre le temps de se perdre et d\u00e9couvrir les sanctuaires qui ponctuent le parcours.<\/strong><\/p>\r\n<div id='gallery-2' class='gallery galleryid-4528 gallery-columns-2 gallery-size-full'><figure class='gallery-item'>\n\t\t\t<div class='gallery-icon portrait'>\n\t\t\t\t<img width=\"1440\" height=\"2560\" src=\"https:\/\/bacsac.com\/journal\/wp-content\/uploads\/2021\/05\/2Japon-scaled.jpg\" class=\"attachment-full size-full\" alt=\"\" decoding=\"async\" loading=\"lazy\" srcset=\"https:\/\/bacsac.com\/journal\/wp-content\/uploads\/2021\/05\/2Japon-scaled.jpg 1440w, https:\/\/bacsac.com\/journal\/wp-content\/uploads\/2021\/05\/2Japon-800x1422.jpg 800w, https:\/\/bacsac.com\/journal\/wp-content\/uploads\/2021\/05\/2Japon-1160x2062.jpg 1160w, https:\/\/bacsac.com\/journal\/wp-content\/uploads\/2021\/05\/2Japon-864x1536.jpg 864w, https:\/\/bacsac.com\/journal\/wp-content\/uploads\/2021\/05\/2Japon-1152x2048.jpg 1152w, https:\/\/bacsac.com\/journal\/wp-content\/uploads\/2021\/05\/2Japon-320x569.jpg 320w, https:\/\/bacsac.com\/journal\/wp-content\/uploads\/2021\/05\/2Japon-560x995.jpg 560w, https:\/\/bacsac.com\/journal\/wp-content\/uploads\/2021\/05\/2Japon-1920x3413.jpg 1920w\" sizes=\"(max-width: 1440px) 100vw, 1440px\" \/>\n\t\t\t<\/div><\/figure><figure class='gallery-item'>\n\t\t\t<div class='gallery-icon portrait'>\n\t\t\t\t<img width=\"1440\" height=\"2560\" src=\"https:\/\/bacsac.com\/journal\/wp-content\/uploads\/2021\/05\/3Japon-scaled.jpg\" class=\"attachment-full size-full\" alt=\"\" decoding=\"async\" loading=\"lazy\" srcset=\"https:\/\/bacsac.com\/journal\/wp-content\/uploads\/2021\/05\/3Japon-scaled.jpg 1440w, https:\/\/bacsac.com\/journal\/wp-content\/uploads\/2021\/05\/3Japon-800x1422.jpg 800w, https:\/\/bacsac.com\/journal\/wp-content\/uploads\/2021\/05\/3Japon-1160x2062.jpg 1160w, https:\/\/bacsac.com\/journal\/wp-content\/uploads\/2021\/05\/3Japon-864x1536.jpg 864w, https:\/\/bacsac.com\/journal\/wp-content\/uploads\/2021\/05\/3Japon-1152x2048.jpg 1152w, https:\/\/bacsac.com\/journal\/wp-content\/uploads\/2021\/05\/3Japon-320x569.jpg 320w, https:\/\/bacsac.com\/journal\/wp-content\/uploads\/2021\/05\/3Japon-560x996.jpg 560w, https:\/\/bacsac.com\/journal\/wp-content\/uploads\/2021\/05\/3Japon-1920x3414.jpg 1920w\" sizes=\"(max-width: 1440px) 100vw, 1440px\" \/>\n\t\t\t<\/div><\/figure>\n\t\t<\/div>\n\r\n<p><strong>Nous r\u00eavions d&#8217;un jardin alors, avec l&#8217;accord des voisins, nous avons \u00e9galement v\u00e9g\u00e9talis\u00e9 la cour de l&#8217;immeuble qui s&#8217;est peu \u00e0 peu transform\u00e9e en un petit sous bois.<\/strong><\/p>\r\n<p><img decoding=\"async\" loading=\"lazy\" class=\"aligncenter size-medium wp-image-4540\" src=\"https:\/\/bacsac.com\/journal\/wp-content\/uploads\/2021\/05\/IMG_0816-800x1422.jpg\" alt=\"\" width=\"800\" height=\"1422\" srcset=\"https:\/\/bacsac.com\/journal\/wp-content\/uploads\/2021\/05\/IMG_0816-800x1422.jpg 800w, https:\/\/bacsac.com\/journal\/wp-content\/uploads\/2021\/05\/IMG_0816-1160x2063.jpg 1160w, https:\/\/bacsac.com\/journal\/wp-content\/uploads\/2021\/05\/IMG_0816-864x1536.jpg 864w, https:\/\/bacsac.com\/journal\/wp-content\/uploads\/2021\/05\/IMG_0816-1152x2048.jpg 1152w, https:\/\/bacsac.com\/journal\/wp-content\/uploads\/2021\/05\/IMG_0816-320x569.jpg 320w, https:\/\/bacsac.com\/journal\/wp-content\/uploads\/2021\/05\/IMG_0816-560x996.jpg 560w, https:\/\/bacsac.com\/journal\/wp-content\/uploads\/2021\/05\/IMG_0816.jpg 1406w\" sizes=\"(max-width: 800px) 100vw, 800px\" \/><\/p>\r\n<p><strong> La cour \u00e9tant orient\u00e9e Nord sans soleil direct, \u00e9rables, foug\u00e8res ou c\u0153urs de Marie s&#8217;y \u00e9panouissent . Quand je descends pour m&#8217;en occuper, je pr\u00e9viens J\u00e9r\u00f4me en disant &#8220;<em>Je descends au jardin !<\/em><\/strong>&#8220;. <strong>\u00c0 l&#8217;inverse de nos balcons o\u00f9 la v\u00e9g\u00e9tation est fig\u00e9e, c&#8217;est un jeu de d\u00e9placer les pots dans la cour afin de faire varier l&#8217;architecture du paysage. Les BACSAC\u00ae sont suffisamment l\u00e9gers pour permettre cela.<\/strong><\/p>\r\n<div id='gallery-3' class='gallery galleryid-4528 gallery-columns-2 gallery-size-full'><figure class='gallery-item'>\n\t\t\t<div class='gallery-icon portrait'>\n\t\t\t\t<img width=\"1406\" height=\"2500\" src=\"https:\/\/bacsac.com\/journal\/wp-content\/uploads\/2021\/05\/IMG_0902.jpg\" class=\"attachment-full size-full\" alt=\"\" decoding=\"async\" loading=\"lazy\" srcset=\"https:\/\/bacsac.com\/journal\/wp-content\/uploads\/2021\/05\/IMG_0902.jpg 1406w, https:\/\/bacsac.com\/journal\/wp-content\/uploads\/2021\/05\/IMG_0902-800x1422.jpg 800w, https:\/\/bacsac.com\/journal\/wp-content\/uploads\/2021\/05\/IMG_0902-1160x2063.jpg 1160w, https:\/\/bacsac.com\/journal\/wp-content\/uploads\/2021\/05\/IMG_0902-864x1536.jpg 864w, https:\/\/bacsac.com\/journal\/wp-content\/uploads\/2021\/05\/IMG_0902-1152x2048.jpg 1152w, https:\/\/bacsac.com\/journal\/wp-content\/uploads\/2021\/05\/IMG_0902-320x569.jpg 320w, https:\/\/bacsac.com\/journal\/wp-content\/uploads\/2021\/05\/IMG_0902-560x996.jpg 560w\" sizes=\"(max-width: 1406px) 100vw, 1406px\" \/>\n\t\t\t<\/div><\/figure><figure class='gallery-item'>\n\t\t\t<div class='gallery-icon portrait'>\n\t\t\t\t<img width=\"1406\" height=\"2500\" src=\"https:\/\/bacsac.com\/journal\/wp-content\/uploads\/2021\/05\/G2_8299.jpg\" class=\"attachment-full size-full\" alt=\"\" decoding=\"async\" loading=\"lazy\" srcset=\"https:\/\/bacsac.com\/journal\/wp-content\/uploads\/2021\/05\/G2_8299.jpg 1406w, https:\/\/bacsac.com\/journal\/wp-content\/uploads\/2021\/05\/G2_8299-800x1422.jpg 800w, https:\/\/bacsac.com\/journal\/wp-content\/uploads\/2021\/05\/G2_8299-1160x2063.jpg 1160w, https:\/\/bacsac.com\/journal\/wp-content\/uploads\/2021\/05\/G2_8299-864x1536.jpg 864w, https:\/\/bacsac.com\/journal\/wp-content\/uploads\/2021\/05\/G2_8299-1152x2048.jpg 1152w, https:\/\/bacsac.com\/journal\/wp-content\/uploads\/2021\/05\/G2_8299-320x569.jpg 320w, https:\/\/bacsac.com\/journal\/wp-content\/uploads\/2021\/05\/G2_8299-560x996.jpg 560w\" sizes=\"(max-width: 1406px) 100vw, 1406px\" \/>\n\t\t\t<\/div><\/figure>\n\t\t<\/div>\n\r\n\r\n\r\n\r\n<p><strong>Mon studio est au fond de la cour. Pour y acc\u00e9der, je traverse cette v\u00e9g\u00e9tation, comme je passerai dans un sous bois, presque courb\u00e9, happ\u00e9 par les odeurs d&#8217;humus et effleur\u00e9 par les feuilles des branchages.<\/strong><\/p>\r\n<p><img decoding=\"async\" loading=\"lazy\" class=\"aligncenter size-medium wp-image-4537\" src=\"https:\/\/bacsac.com\/journal\/wp-content\/uploads\/2021\/05\/G2_8291-800x1422.jpg\" alt=\"\" width=\"800\" height=\"1422\" srcset=\"https:\/\/bacsac.com\/journal\/wp-content\/uploads\/2021\/05\/G2_8291-800x1422.jpg 800w, https:\/\/bacsac.com\/journal\/wp-content\/uploads\/2021\/05\/G2_8291-1160x2063.jpg 1160w, https:\/\/bacsac.com\/journal\/wp-content\/uploads\/2021\/05\/G2_8291-864x1536.jpg 864w, https:\/\/bacsac.com\/journal\/wp-content\/uploads\/2021\/05\/G2_8291-1152x2048.jpg 1152w, https:\/\/bacsac.com\/journal\/wp-content\/uploads\/2021\/05\/G2_8291-320x569.jpg 320w, https:\/\/bacsac.com\/journal\/wp-content\/uploads\/2021\/05\/G2_8291-560x996.jpg 560w, https:\/\/bacsac.com\/journal\/wp-content\/uploads\/2021\/05\/G2_8291.jpg 1406w\" sizes=\"(max-width: 800px) 100vw, 800px\" \/><\/p>\r\n\r\n\r\n\r\n\r\n\r\n<p><strong>Au Japon, dans des quartiers r\u00e9sidentiels de Tokyo ou Kyoto, nombreux sont ceux qui cultivent un recoin de nature devant chez eux. Des petits jardins en pots, dispos\u00e9s de mani\u00e8re un peu fouillis, et souvent compl\u00e9t\u00e9s d&#8217;objets comme une branche d&#8217;arbre ou des petites statues tir\u00e9es de la mythologie japonaise.<\/strong><\/p>\r\n<div id='gallery-4' class='gallery galleryid-4528 gallery-columns-2 gallery-size-full'><figure class='gallery-item'>\n\t\t\t<div class='gallery-icon portrait'>\n\t\t\t\t<img width=\"729\" height=\"1296\" src=\"https:\/\/bacsac.com\/journal\/wp-content\/uploads\/2021\/05\/tokyo1.jpg\" class=\"attachment-full size-full\" alt=\"\" decoding=\"async\" loading=\"lazy\" srcset=\"https:\/\/bacsac.com\/journal\/wp-content\/uploads\/2021\/05\/tokyo1.jpg 729w, https:\/\/bacsac.com\/journal\/wp-content\/uploads\/2021\/05\/tokyo1-320x569.jpg 320w, https:\/\/bacsac.com\/journal\/wp-content\/uploads\/2021\/05\/tokyo1-560x996.jpg 560w\" sizes=\"(max-width: 729px) 100vw, 729px\" \/>\n\t\t\t<\/div><\/figure><figure class='gallery-item'>\n\t\t\t<div class='gallery-icon portrait'>\n\t\t\t\t<img width=\"729\" height=\"1296\" src=\"https:\/\/bacsac.com\/journal\/wp-content\/uploads\/2021\/05\/tokyo2.jpg\" class=\"attachment-full size-full\" alt=\"\" decoding=\"async\" loading=\"lazy\" srcset=\"https:\/\/bacsac.com\/journal\/wp-content\/uploads\/2021\/05\/tokyo2.jpg 729w, https:\/\/bacsac.com\/journal\/wp-content\/uploads\/2021\/05\/tokyo2-320x569.jpg 320w, https:\/\/bacsac.com\/journal\/wp-content\/uploads\/2021\/05\/tokyo2-560x996.jpg 560w\" sizes=\"(max-width: 729px) 100vw, 729px\" \/>\n\t\t\t<\/div><\/figure>\n\t\t<\/div>\n\r\n\r\n\r\n\r\n<p><strong>Notre jardin pr\u00e9f\u00e9r\u00e9 \u00e0 Paris : Le jardin alpin du Jardin des plantes. Un lieu magique et m\u00e9connu qui reconstitue 32 biotopes de milieux montagnards des Alpes, en passant par le Caucase ou l&#8217;Himalaya.<\/strong><\/p>\r\n<p><img decoding=\"async\" loading=\"lazy\" class=\"aligncenter size-full wp-image-4545\" src=\"https:\/\/bacsac.com\/journal\/wp-content\/uploads\/2021\/05\/jardin-alpin.jpg\" alt=\"\" width=\"729\" height=\"1296\" srcset=\"https:\/\/bacsac.com\/journal\/wp-content\/uploads\/2021\/05\/jardin-alpin.jpg 729w, https:\/\/bacsac.com\/journal\/wp-content\/uploads\/2021\/05\/jardin-alpin-320x569.jpg 320w, https:\/\/bacsac.com\/journal\/wp-content\/uploads\/2021\/05\/jardin-alpin-560x996.jpg 560w\" sizes=\"(max-width: 729px) 100vw, 729px\" \/><\/p>\r\n\r\n\r\n\r\n\r\n","protected":false},"excerpt":{"rendered":"<div class=\"post-more\"><a href=\"https:\/\/bacsac.com\/journal\/dans-le-jardin-intime-de-christelle-et-jerome-galland\/\" class=\"button button-primary button-effect\"><span>Lire l&#039;article<\/span><span><i class=\"cs-icon cs-icon-arrow-right\"><\/i><\/span><\/a><\/div>\n","protected":false},"author":7,"featured_media":4538,"comment_status":"open","ping_status":"closed","sticky":false,"template":"","format":"standard","meta":[],"categories":[201],"tags":[],"powerkit_post_featured":[],"acf":[],"yoast_head":"<!-- This site is optimized with the Yoast SEO plugin v20.12 - https:\/\/yoast.com\/wordpress\/plugins\/seo\/ -->\n<title>Rencontre de BACSAC\u00ae avec Christelle &amp; J\u00e9r\u00f4me Galland<\/title>\n<meta name=\"description\" content=\"L&#039;\u00e9quipe BACSAC\u00ae a rencontr\u00e9 Christelle &amp; J\u00e9r\u00f4me Galland dans leur recoin de nature en ville\" \/>\n<meta name=\"robots\" content=\"index, follow, max-snippet:-1, max-image-preview:large, max-video-preview:-1\" \/>\n<link rel=\"canonical\" href=\"https:\/\/bacsac.com\/journal\/dans-le-jardin-intime-de-christelle-et-jerome-galland\/\" \/>\n<meta property=\"og:locale\" content=\"fr_FR\" \/>\n<meta property=\"og:type\" content=\"article\" \/>\n<meta property=\"og:title\" content=\"Rencontre de BACSAC\u00ae avec Christelle &amp; J\u00e9r\u00f4me Galland\" \/>\n<meta property=\"og:description\" content=\"L&#039;\u00e9quipe BACSAC\u00ae a rencontr\u00e9 Christelle &amp; J\u00e9r\u00f4me Galland dans leur recoin de nature en ville\" \/>\n<meta property=\"og:url\" content=\"https:\/\/bacsac.com\/journal\/dans-le-jardin-intime-de-christelle-et-jerome-galland\/\" \/>\n<meta property=\"og:site_name\" content=\"BACSAC\" \/>\n<meta property=\"article:author\" content=\"https:\/\/www.facebook.com\/BACSACfr\" \/>\n<meta property=\"article:published_time\" content=\"2021-05-25T15:07:58+00:00\" \/>\n<meta property=\"article:modified_time\" content=\"2023-03-20T09:36:41+00:00\" \/>\n<meta property=\"og:image\" content=\"https:\/\/bacsac.com\/journal\/wp-content\/uploads\/2021\/05\/Couv.jpg\" \/>\n\t<meta property=\"og:image:width\" content=\"1406\" \/>\n\t<meta property=\"og:image:height\" content=\"2500\" \/>\n\t<meta property=\"og:image:type\" content=\"image\/jpeg\" \/>\n<meta name=\"author\" content=\"BACSAC\" \/>\n<meta name=\"twitter:label1\" content=\"\u00c9crit par\" \/>\n\t<meta name=\"twitter:data1\" content=\"BACSAC\" \/>\n\t<meta name=\"twitter:label2\" content=\"Dur\u00e9e de lecture estim\u00e9e\" \/>\n\t<meta name=\"twitter:data2\" content=\"4 minutes\" \/>\n<script type=\"application\/ld+json\" class=\"yoast-schema-graph\">{\"@context\":\"https:\/\/schema.org\",\"@graph\":[{\"@type\":\"WebPage\",\"@id\":\"https:\/\/bacsac.com\/journal\/dans-le-jardin-intime-de-christelle-et-jerome-galland\/\",\"url\":\"https:\/\/bacsac.com\/journal\/dans-le-jardin-intime-de-christelle-et-jerome-galland\/\",\"name\":\"Rencontre de BACSAC\u00ae avec Christelle & J\u00e9r\u00f4me Galland\",\"isPartOf\":{\"@id\":\"https:\/\/bacsac.com\/journal\/#website\"},\"datePublished\":\"2021-05-25T15:07:58+00:00\",\"dateModified\":\"2023-03-20T09:36:41+00:00\",\"author\":{\"@id\":\"https:\/\/bacsac.com\/journal\/#\/schema\/person\/d5c2a0bce1fb535f7236bb5f1636e9a0\"},\"description\":\"L'\u00e9quipe BACSAC\u00ae a rencontr\u00e9 Christelle & J\u00e9r\u00f4me Galland dans leur recoin de nature en ville\",\"breadcrumb\":{\"@id\":\"https:\/\/bacsac.com\/journal\/dans-le-jardin-intime-de-christelle-et-jerome-galland\/#breadcrumb\"},\"inLanguage\":\"fr-FR\",\"potentialAction\":[{\"@type\":\"ReadAction\",\"target\":[\"https:\/\/bacsac.com\/journal\/dans-le-jardin-intime-de-christelle-et-jerome-galland\/\"]}]},{\"@type\":\"BreadcrumbList\",\"@id\":\"https:\/\/bacsac.com\/journal\/dans-le-jardin-intime-de-christelle-et-jerome-galland\/#breadcrumb\",\"itemListElement\":[{\"@type\":\"ListItem\",\"position\":1,\"name\":\"Home\",\"item\":\"https:\/\/bacsac.com\/journal\/\"},{\"@type\":\"ListItem\",\"position\":2,\"name\":\"Christelle &#038; J\u00e9r\u00f4me Galland\"}]},{\"@type\":\"WebSite\",\"@id\":\"https:\/\/bacsac.com\/journal\/#website\",\"url\":\"https:\/\/bacsac.com\/journal\/\",\"name\":\"BACSAC\",\"description\":\"\",\"potentialAction\":[{\"@type\":\"SearchAction\",\"target\":{\"@type\":\"EntryPoint\",\"urlTemplate\":\"https:\/\/bacsac.com\/journal\/?s={search_term_string}\"},\"query-input\":\"required name=search_term_string\"}],\"inLanguage\":\"fr-FR\"},{\"@type\":\"Person\",\"@id\":\"https:\/\/bacsac.com\/journal\/#\/schema\/person\/d5c2a0bce1fb535f7236bb5f1636e9a0\",\"name\":\"BACSAC\",\"image\":{\"@type\":\"ImageObject\",\"inLanguage\":\"fr-FR\",\"@id\":\"https:\/\/bacsac.com\/journal\/#\/schema\/person\/image\/\",\"url\":\"https:\/\/secure.gravatar.com\/avatar\/1fddf416cc0b22fe6d344ef9f5b4adce?s=96&d=identicon&r=g\",\"contentUrl\":\"https:\/\/secure.gravatar.com\/avatar\/1fddf416cc0b22fe6d344ef9f5b4adce?s=96&d=identicon&r=g\",\"caption\":\"BACSAC\"},\"sameAs\":[\"https:\/\/bacsac.com\/fr\/\",\"https:\/\/www.facebook.com\/BACSACfr\",\"https:\/\/www.pinterest.fr\/BACSAC\/_created\/\"],\"url\":\"https:\/\/bacsac.com\/journal\/author\/martin\/\"}]}<\/script>\n<!-- \/ Yoast SEO plugin. -->","yoast_head_json":{"title":"Rencontre de BACSAC\u00ae avec Christelle & J\u00e9r\u00f4me Galland","description":"L'\u00e9quipe BACSAC\u00ae a rencontr\u00e9 Christelle & J\u00e9r\u00f4me Galland dans leur recoin de nature en ville","robots":{"index":"index","follow":"follow","max-snippet":"max-snippet:-1","max-image-preview":"max-image-preview:large","max-video-preview":"max-video-preview:-1"},"canonical":"https:\/\/bacsac.com\/journal\/dans-le-jardin-intime-de-christelle-et-jerome-galland\/","og_locale":"fr_FR","og_type":"article","og_title":"Rencontre de BACSAC\u00ae avec Christelle & J\u00e9r\u00f4me Galland","og_description":"L'\u00e9quipe BACSAC\u00ae a rencontr\u00e9 Christelle & J\u00e9r\u00f4me Galland dans leur recoin de nature en ville","og_url":"https:\/\/bacsac.com\/journal\/dans-le-jardin-intime-de-christelle-et-jerome-galland\/","og_site_name":"BACSAC","article_author":"https:\/\/www.facebook.com\/BACSACfr","article_published_time":"2021-05-25T15:07:58+00:00","article_modified_time":"2023-03-20T09:36:41+00:00","og_image":[{"width":1406,"height":2500,"url":"https:\/\/bacsac.com\/journal\/wp-content\/uploads\/2021\/05\/Couv.jpg","type":"image\/jpeg"}],"author":"BACSAC","twitter_misc":{"\u00c9crit par":"BACSAC","Dur\u00e9e de lecture estim\u00e9e":"4 minutes"},"schema":{"@context":"https:\/\/schema.org","@graph":[{"@type":"WebPage","@id":"https:\/\/bacsac.com\/journal\/dans-le-jardin-intime-de-christelle-et-jerome-galland\/","url":"https:\/\/bacsac.com\/journal\/dans-le-jardin-intime-de-christelle-et-jerome-galland\/","name":"Rencontre de BACSAC\u00ae avec Christelle & J\u00e9r\u00f4me Galland","isPartOf":{"@id":"https:\/\/bacsac.com\/journal\/#website"},"datePublished":"2021-05-25T15:07:58+00:00","dateModified":"2023-03-20T09:36:41+00:00","author":{"@id":"https:\/\/bacsac.com\/journal\/#\/schema\/person\/d5c2a0bce1fb535f7236bb5f1636e9a0"},"description":"L'\u00e9quipe BACSAC\u00ae a rencontr\u00e9 Christelle & J\u00e9r\u00f4me Galland dans leur recoin de nature en ville","breadcrumb":{"@id":"https:\/\/bacsac.com\/journal\/dans-le-jardin-intime-de-christelle-et-jerome-galland\/#breadcrumb"},"inLanguage":"fr-FR","potentialAction":[{"@type":"ReadAction","target":["https:\/\/bacsac.com\/journal\/dans-le-jardin-intime-de-christelle-et-jerome-galland\/"]}]},{"@type":"BreadcrumbList","@id":"https:\/\/bacsac.com\/journal\/dans-le-jardin-intime-de-christelle-et-jerome-galland\/#breadcrumb","itemListElement":[{"@type":"ListItem","position":1,"name":"Home","item":"https:\/\/bacsac.com\/journal\/"},{"@type":"ListItem","position":2,"name":"Christelle &#038; J\u00e9r\u00f4me Galland"}]},{"@type":"WebSite","@id":"https:\/\/bacsac.com\/journal\/#website","url":"https:\/\/bacsac.com\/journal\/","name":"BACSAC","description":"","potentialAction":[{"@type":"SearchAction","target":{"@type":"EntryPoint","urlTemplate":"https:\/\/bacsac.com\/journal\/?s={search_term_string}"},"query-input":"required name=search_term_string"}],"inLanguage":"fr-FR"},{"@type":"Person","@id":"https:\/\/bacsac.com\/journal\/#\/schema\/person\/d5c2a0bce1fb535f7236bb5f1636e9a0","name":"BACSAC","image":{"@type":"ImageObject","inLanguage":"fr-FR","@id":"https:\/\/bacsac.com\/journal\/#\/schema\/person\/image\/","url":"https:\/\/secure.gravatar.com\/avatar\/1fddf416cc0b22fe6d344ef9f5b4adce?s=96&d=identicon&r=g","contentUrl":"https:\/\/secure.gravatar.com\/avatar\/1fddf416cc0b22fe6d344ef9f5b4adce?s=96&d=identicon&r=g","caption":"BACSAC"},"sameAs":["https:\/\/bacsac.com\/fr\/","https:\/\/www.facebook.com\/BACSACfr","https:\/\/www.pinterest.fr\/BACSAC\/_created\/"],"url":"https:\/\/bacsac.com\/journal\/author\/martin\/"}]}},"_links":{"self":[{"href":"https:\/\/bacsac.com\/journal\/wp-json\/wp\/v2\/posts\/4528"}],"collection":[{"href":"https:\/\/bacsac.com\/journal\/wp-json\/wp\/v2\/posts"}],"about":[{"href":"https:\/\/bacsac.com\/journal\/wp-json\/wp\/v2\/types\/post"}],"author":[{"embeddable":true,"href":"https:\/\/bacsac.com\/journal\/wp-json\/wp\/v2\/users\/7"}],"replies":[{"embeddable":true,"href":"https:\/\/bacsac.com\/journal\/wp-json\/wp\/v2\/comments?post=4528"}],"version-history":[{"count":17,"href":"https:\/\/bacsac.com\/journal\/wp-json\/wp\/v2\/posts\/4528\/revisions"}],"predecessor-version":[{"id":5809,"href":"https:\/\/bacsac.com\/journal\/wp-json\/wp\/v2\/posts\/4528\/revisions\/5809"}],"wp:featuredmedia":[{"embeddable":true,"href":"https:\/\/bacsac.com\/journal\/wp-json\/wp\/v2\/media\/4538"}],"wp:attachment":[{"href":"https:\/\/bacsac.com\/journal\/wp-json\/wp\/v2\/media?parent=4528"}],"wp:term":[{"taxonomy":"category","embeddable":true,"href":"https:\/\/bacsac.com\/journal\/wp-json\/wp\/v2\/categories?post=4528"},{"taxonomy":"post_tag","embeddable":true,"href":"https:\/\/bacsac.com\/journal\/wp-json\/wp\/v2\/tags?post=4528"},{"taxonomy":"powerkit_post_featured","embeddable":true,"href":"https:\/\/bacsac.com\/journal\/wp-json\/wp\/v2\/powerkit_post_featured?post=4528"}],"curies":[{"name":"wp","href":"https:\/\/api.w.org\/{rel}","templated":true}]}}